{"id":2663,"date":"2021-01-12T01:33:43","date_gmt":"2021-01-12T00:33:43","guid":{"rendered":"https:\/\/passhlondyn.eu\/?p=2663"},"modified":"2025-07-21T17:46:03","modified_gmt":"2025-07-21T15:46:03","slug":"zespol-lombard-ambasadorem-ii-miedzynarodowego-dnia-edukacji-polonijnej","status":"publish","type":"post","link":"https:\/\/passhlondyn.eu\/?p=2663","title":{"rendered":"Zesp\u00f3\u0142 LOMBARD Ambasadorem II Mi\u0119dzynarodowego Dnia Edukacji Polonijnej"},"content":{"rendered":"\t\t<div data-elementor-type=\"wp-post\" data-elementor-id=\"2663\" class=\"elementor elementor-2663\" data-elementor-post-type=\"post\">\n\t\t\t\t\t\t<section class=\"elementor-section elementor-top-section elementor-element elementor-element-1a6f0bd elementor-section-boxed elementor-section-height-default elementor-section-height-default\" data-id=\"1a6f0bd\" data-element_type=\"section\" data-e-type=\"section\">\n\t\t\t\t\t\t<div class=\"elementor-container elementor-column-gap-default\">\n\t\t\t\t\t<div class=\"elementor-column elementor-col-100 elementor-top-column elementor-element elementor-element-353b219\" data-id=\"353b219\" data-element_type=\"column\" data-e-type=\"column\">\n\t\t\t<div class=\"elementor-widget-wrap elementor-element-populated\">\n\t\t\t\t\t\t<div class=\"elementor-element elementor-element-55b04ef elementor-widget elementor-widget-text-editor\" data-id=\"55b04ef\" data-element_type=\"widget\" data-e-type=\"widget\" data-widget_type=\"text-editor.default\">\n\t\t\t\t<div class=\"elementor-widget-container\">\n\t\t\t\t\t\t\t\t\t<p align=\"justify\"><img fetchpriority=\"high\" decoding=\"async\" class=\"alignnone size-medium wp-image-2592\" src=\"https:\/\/passhlondyn.eu\/wp-content\/uploads\/2021\/01\/Marta-Cugier-Grzegorz-Strozniak-300x288.jpg\" alt=\"\" width=\"300\" height=\"288\" srcset=\"https:\/\/passhlondyn.eu\/wp-content\/uploads\/2021\/01\/Marta-Cugier-Grzegorz-Strozniak-300x288.jpg 300w, https:\/\/passhlondyn.eu\/wp-content\/uploads\/2021\/01\/Marta-Cugier-Grzegorz-Strozniak-1024x983.jpg 1024w, https:\/\/passhlondyn.eu\/wp-content\/uploads\/2021\/01\/Marta-Cugier-Grzegorz-Strozniak-768x737.jpg 768w, https:\/\/passhlondyn.eu\/wp-content\/uploads\/2021\/01\/Marta-Cugier-Grzegorz-Strozniak-1536x1475.jpg 1536w, https:\/\/passhlondyn.eu\/wp-content\/uploads\/2021\/01\/Marta-Cugier-Grzegorz-Strozniak.jpg 1780w\" sizes=\"(max-width: 300px) 100vw, 300px\" \/><\/p><p align=\"justify\"><span style=\"color: #141823;\"><span>Zesp\u00f3\u0142 LOMBARD powsta\u0142 w 1981 roku w Poznaniu, w 2021 obchodzi 40 rocznic\u0119 powstania. LIDEREM ZESPO\u0141U LOMBARD JEST GRZEGORZ STR\u00d3\u017bNIAK \u2013 kompozytor, aran\u017cer, wokalista graj\u0105cy na instrumentach klawiszowych. <\/span><\/span><\/p><p align=\"justify\"><span style=\"color: #141823;\"><span>To On od prawie 40 lat nadaje zespo\u0142owi pop-rockowy charakter, \u0142\u0105cz\u0105c ekspresyjne gitarowe brzmienia z pe\u0142nym bogactwem mo\u017cliwo\u015bci instrument\u00f3w klawiszowych i elektroniki. Od 1999 roku wsp\u00f3lnie z wokalistk\u0105 i autork\u0105 tekst\u00f3w MART\u0104 CUGIER stanowi\u0105 niepowtarzalny duet na scenie i w \u017cyciu. Od ponad 20 lat realizuj\u0105 swoje najbardziej ulotne wizje artystyczne.<\/span><span>\u00a0 <\/span><\/span><\/p><p align=\"justify\"><span style=\"color: #141823;\"><span>W 2021 z okazji jubileuszu zespo\u0142u Lombard uka\u017ce si\u0119 niezwyk\u0142e wydawnictwo LOMBARD 40\/40, kt\u00f3re stanowi\u0107 b\u0119dzie po\u0142\u0105czenie s\u0142\u00f3w, muzyki i obraz\u00f3w znakomitego malarza surrealistycznego Arkadiusza Dzielawskiego. Wydawnictwo promowa\u0107 b\u0119dzie multimedialny koncert zespo\u0142u Lombard, transmitowany online, kt\u00f3rego premiera odb\u0119dzie si\u0119 w dniu powstania zespo\u0142u Lombard 18 maja 2021.\u00a0<\/span><\/span><\/p><p align=\"justify\">Prze\u017cyj to sam (muz. Grzegorz Str\u00f3\u017cniak, s\u0142. Andrzej Sobczak)\u00a0<a href=\"https:\/\/www.youtube.com\/watch?v=G7OgVpWQs5s\" target=\"_blank\" rel=\"noopener\">https:\/\/www.youtube.com\/watch?v=G7OgVpWQs5s<\/a><span style=\"color: #141823; font-size: small;\">\u00a0<\/span><\/p><p align=\"justify\">\u015awiat si\u0119 zatrzyma\u0142 (muz. Grzegorz Str\u00f3\u017cniak, s\u0142. Marta Cugier)\u00a0<a href=\"https:\/\/www.youtube.com\/watch?v=25rLGGN8vxE\" target=\"_blank\" rel=\"noopener\">https:\/\/www.youtube.com\/watch?v=25rLGGN8vxE<\/a><\/p><p align=\"justify\"><span style=\"color: #141823;\"><span>W pierwszym dziesi\u0119cioleciu LOMBARD wsp\u00f3\u0142pracowa\u0142 z wieloma instrumentalistami i dwiema wokalistkami Wand\u0105 Kwietniewsk\u0105 i Ma\u0142gorzat\u0105 Ostrowsk\u0105, kt\u00f3re kilkadziesi\u0105t lat temu rozpocz\u0119\u0142y dzia\u0142alno\u015bci solowe. LOMBARD istnia\u0142 w kilkunastu sk\u0142adach, obecny tworz\u0105: Marta Cugier &#8211; wokal, Grzegorz Str\u00f3\u017cniak \u2013 lider, wokal, instr. klawiszowe wraz z towarzysz\u0105cymi muzykami: \u0141ukasz Kulczak \u2013 gitara, Pawe\u0142 Kosicki \u2013 bas, Bartek Krawczak \u2013 perkusja.\u00a0 Lombard nagra\u0142 kilkana\u015bcie p\u0142yt i wci\u0105\u017c zaskakuje swoich fan\u00f3w kolejnymi muzycznymi ods\u0142onami. Najnowsze to: DVD z wielokrotnie nagradzanym projektem multimedialnym \u201eLOMBARD W HO\u0141DZIE SOLIDARNO\u015aCI &#8211; Drogi do wolno\u015bci\u201d (2008), bardzo osobista p\u0142yta \u201eShowTime\u201d (2012) i jubileuszowa LOMBARD Swing (2016) stanowi\u0105ca muzyczny swingowow-rockowy eksperyment. Zesp\u00f3\u0142 wylansowa\u0142 wiele przeboj\u00f3w. Najwi\u0119ksze z nich to legendarne ju\u017c &#8222;Prze\u017cyj to sam&#8221; i dobrze znana &#8222;Szklana pogoda&#8221; oraz najnowsze \u201eDeja\u2019vu \u2013 to ju\u017c by\u0142o\u201d czy \u201eMusical\u201d. Zesp\u00f3\u0142 w latach \u201980 wsp\u00f3\u0142pracowa\u0142 z zewn\u0119trznymi tek\u015bciarzami: Jackiem Skubikowskim, Markiem Dutkiewiczem, Andrzejem Sobczakiem. Dzi\u015b teksty dla zespo\u0142u Lombard pisze Marta Cugier. Lombard zagra\u0142 kilka tysi\u0119cy koncert\u00f3w w Polsce i dla Polak\u00f3w na ca\u0142ym \u015bwiecie, gromadz\u0105c na nich rzesze publiczno\u015bci. Koncerty zespo\u0142u Lombard przyci\u0105gaj\u0105 fan\u00f3w muzyki wszystkich pokole\u0144. W 2016 roku zesp\u00f3\u0142 LOMBARD obchodzi\u0142 35 rocznic\u0119 powstania z tej okazji przygotowa\u0142 projekt z towarzyszeniem Big Bandu i Orkiestry Kameralnej \u201eMUZYKA BEZ GRANIC\u201d. Najwi\u0119ksze przeboje zespo\u0142u Lombard w wersjach swingowych, jazzowych pokazuje wszechstronno\u015b\u0107 wokalist\u00f3w i muzyk\u00f3w zespo\u0142u. Lombard udowadnia na scenie, \u017ce muzyka nie ma granic i zn\u00f3w zaskakuje swoich fan\u00f3w i krytyk\u00f3w. W 2019 roku zesp\u00f3\u0142 LOMBARD na wniosek przyjaci\u00f3\u0142 ze Zwi\u0105zku Podhalan otrzyma\u0142 wyr\u00f3\u017cnienie pa\u0144stwowe GLORIA ARTIS za promocje na ca\u0142ym \u015bwiecie\u00a0\u00a0polskich tradycji, warto\u015bci, historii i patriotyzmu. <\/span><span>\u00a0\u00a0<\/span><\/span><\/p>\t\t\t\t\t\t\t\t<\/div>\n\t\t\t\t<\/div>\n\t\t\t\t\t<\/div>\n\t\t<\/div>\n\t\t\t\t\t<\/div>\n\t\t<\/section>\n\t\t\t\t<\/div>\n\t\t","protected":false},"excerpt":{"rendered":"<p>Zesp\u00f3\u0142 LOMBARD powsta\u0142 w 1981 roku w Poznaniu, w 2021 obchodzi 40 rocznic\u0119 powstania. LIDEREM ZESPO\u0141U LOMBARD JEST GRZEGORZ STR\u00d3\u017bNIAK \u2013 kompozytor, aran\u017cer, wokalista graj\u0105cy na instrumentach klawiszowych. To On &#8230;<\/p>\n","protected":false},"author":1,"featured_media":2592,"comment_status":"closed","ping_status":"closed","sticky":false,"template":"","format":"standard","meta":{"footnotes":""},"categories":[1],"tags":[],"class_list":["post-2663","post","type-post","status-publish","format-standard","has-post-thumbnail","hentry","category-bez-kategorii"],"yoast_head":"<!-- This site is optimized with the Yoast SEO plugin v27.5 - https:\/\/yoast.com\/product\/yoast-seo-wordpress\/ -->\n<title>Zesp\u00f3\u0142 LOMBARD Ambasadorem II Mi\u0119dzynarodowego Dnia Edukacji Polonijnej - Polish Academy of Social Sciences and Humanities<\/title>\n<meta name=\"robots\" content=\"index, follow, max-snippet:-1, max-image-preview:large, max-video-preview:-1\" \/>\n<link rel=\"canonical\" href=\"https:\/\/passhlondyn.eu\/?p=2663\" \/>\n<meta property=\"og:locale\" content=\"pl_PL\" \/>\n<meta property=\"og:type\" content=\"article\" \/>\n<meta property=\"og:title\" content=\"Zesp\u00f3\u0142 LOMBARD Ambasadorem II Mi\u0119dzynarodowego Dnia Edukacji Polonijnej - Polish Academy of Social Sciences and Humanities\" \/>\n<meta property=\"og:description\" content=\"Zesp\u00f3\u0142 LOMBARD powsta\u0142 w 1981 roku w Poznaniu, w 2021 obchodzi 40 rocznic\u0119 powstania. LIDEREM ZESPO\u0141U LOMBARD JEST GRZEGORZ STR\u00d3\u017bNIAK \u2013 kompozytor, aran\u017cer, wokalista graj\u0105cy na instrumentach klawiszowych. To On ...\" \/>\n<meta property=\"og:url\" content=\"https:\/\/passhlondyn.eu\/?p=2663\" \/>\n<meta property=\"og:site_name\" content=\"Polish Academy of Social Sciences and Humanities\" \/>\n<meta property=\"article:published_time\" content=\"2021-01-12T00:33:43+00:00\" \/>\n<meta property=\"article:modified_time\" content=\"2025-07-21T15:46:03+00:00\" \/>\n<meta property=\"og:image\" content=\"https:\/\/passhlondyn.eu\/wp-content\/uploads\/2021\/01\/Marta-Cugier-Grzegorz-Strozniak.jpg\" \/>\n\t<meta property=\"og:image:width\" content=\"1780\" \/>\n\t<meta property=\"og:image:height\" content=\"1709\" \/>\n\t<meta property=\"og:image:type\" content=\"image\/jpeg\" \/>\n<meta name=\"author\" content=\"admin\" \/>\n<meta name=\"twitter:card\" content=\"summary_large_image\" \/>\n<meta name=\"twitter:label1\" content=\"Napisane przez\" \/>\n\t<meta name=\"twitter:data1\" content=\"admin\" \/>\n\t<meta name=\"twitter:label2\" content=\"Szacowany czas czytania\" \/>\n\t<meta name=\"twitter:data2\" content=\"2 minuty\" \/>\n<script type=\"application\/ld+json\" class=\"yoast-schema-graph\">{\"@context\":\"https:\\\/\\\/schema.org\",\"@graph\":[{\"@type\":\"Article\",\"@id\":\"https:\\\/\\\/passhlondyn.eu\\\/?p=2663#article\",\"isPartOf\":{\"@id\":\"https:\\\/\\\/passhlondyn.eu\\\/?p=2663\"},\"author\":{\"name\":\"admin\",\"@id\":\"https:\\\/\\\/passhlondyn.eu\\\/#\\\/schema\\\/person\\\/9a893a686e1ff19f2e854f99008c46ce\"},\"headline\":\"Zesp\u00f3\u0142 LOMBARD Ambasadorem II Mi\u0119dzynarodowego Dnia Edukacji Polonijnej\",\"datePublished\":\"2021-01-12T00:33:43+00:00\",\"dateModified\":\"2025-07-21T15:46:03+00:00\",\"mainEntityOfPage\":{\"@id\":\"https:\\\/\\\/passhlondyn.eu\\\/?p=2663\"},\"wordCount\":492,\"publisher\":{\"@id\":\"https:\\\/\\\/passhlondyn.eu\\\/#organization\"},\"image\":{\"@id\":\"https:\\\/\\\/passhlondyn.eu\\\/?p=2663#primaryimage\"},\"thumbnailUrl\":\"https:\\\/\\\/passhlondyn.eu\\\/wp-content\\\/uploads\\\/2021\\\/01\\\/Marta-Cugier-Grzegorz-Strozniak.jpg\",\"inLanguage\":\"pl-PL\"},{\"@type\":\"WebPage\",\"@id\":\"https:\\\/\\\/passhlondyn.eu\\\/?p=2663\",\"url\":\"https:\\\/\\\/passhlondyn.eu\\\/?p=2663\",\"name\":\"Zesp\u00f3\u0142 LOMBARD Ambasadorem II Mi\u0119dzynarodowego Dnia Edukacji Polonijnej - Polish Academy of Social Sciences and Humanities\",\"isPartOf\":{\"@id\":\"https:\\\/\\\/passhlondyn.eu\\\/#website\"},\"primaryImageOfPage\":{\"@id\":\"https:\\\/\\\/passhlondyn.eu\\\/?p=2663#primaryimage\"},\"image\":{\"@id\":\"https:\\\/\\\/passhlondyn.eu\\\/?p=2663#primaryimage\"},\"thumbnailUrl\":\"https:\\\/\\\/passhlondyn.eu\\\/wp-content\\\/uploads\\\/2021\\\/01\\\/Marta-Cugier-Grzegorz-Strozniak.jpg\",\"datePublished\":\"2021-01-12T00:33:43+00:00\",\"dateModified\":\"2025-07-21T15:46:03+00:00\",\"breadcrumb\":{\"@id\":\"https:\\\/\\\/passhlondyn.eu\\\/?p=2663#breadcrumb\"},\"inLanguage\":\"pl-PL\",\"potentialAction\":[{\"@type\":\"ReadAction\",\"target\":[\"https:\\\/\\\/passhlondyn.eu\\\/?p=2663\"]}]},{\"@type\":\"ImageObject\",\"inLanguage\":\"pl-PL\",\"@id\":\"https:\\\/\\\/passhlondyn.eu\\\/?p=2663#primaryimage\",\"url\":\"https:\\\/\\\/passhlondyn.eu\\\/wp-content\\\/uploads\\\/2021\\\/01\\\/Marta-Cugier-Grzegorz-Strozniak.jpg\",\"contentUrl\":\"https:\\\/\\\/passhlondyn.eu\\\/wp-content\\\/uploads\\\/2021\\\/01\\\/Marta-Cugier-Grzegorz-Strozniak.jpg\",\"width\":1780,\"height\":1709},{\"@type\":\"BreadcrumbList\",\"@id\":\"https:\\\/\\\/passhlondyn.eu\\\/?p=2663#breadcrumb\",\"itemListElement\":[{\"@type\":\"ListItem\",\"position\":1,\"name\":\"Home\",\"item\":\"https:\\\/\\\/passhlondyn.eu\\\/\"},{\"@type\":\"ListItem\",\"position\":2,\"name\":\"Zesp\u00f3\u0142 LOMBARD Ambasadorem II Mi\u0119dzynarodowego Dnia Edukacji Polonijnej\"}]},{\"@type\":\"WebSite\",\"@id\":\"https:\\\/\\\/passhlondyn.eu\\\/#website\",\"url\":\"https:\\\/\\\/passhlondyn.eu\\\/\",\"name\":\"Polish Academy of Social Sciences and Humanities\",\"description\":\"\",\"publisher\":{\"@id\":\"https:\\\/\\\/passhlondyn.eu\\\/#organization\"},\"potentialAction\":[{\"@type\":\"SearchAction\",\"target\":{\"@type\":\"EntryPoint\",\"urlTemplate\":\"https:\\\/\\\/passhlondyn.eu\\\/?s={search_term_string}\"},\"query-input\":{\"@type\":\"PropertyValueSpecification\",\"valueRequired\":true,\"valueName\":\"search_term_string\"}}],\"inLanguage\":\"pl-PL\"},{\"@type\":\"Organization\",\"@id\":\"https:\\\/\\\/passhlondyn.eu\\\/#organization\",\"name\":\"Polish Academy of Social Sciences and Humanities\",\"url\":\"https:\\\/\\\/passhlondyn.eu\\\/\",\"logo\":{\"@type\":\"ImageObject\",\"inLanguage\":\"pl-PL\",\"@id\":\"https:\\\/\\\/passhlondyn.eu\\\/#\\\/schema\\\/logo\\\/image\\\/\",\"url\":\"https:\\\/\\\/passhlondyn.eu\\\/wp-content\\\/uploads\\\/2021\\\/10\\\/cropped-Projekt-bez-tytulu-8.png\",\"contentUrl\":\"https:\\\/\\\/passhlondyn.eu\\\/wp-content\\\/uploads\\\/2021\\\/10\\\/cropped-Projekt-bez-tytulu-8.png\",\"width\":6911,\"height\":1557,\"caption\":\"Polish Academy of Social Sciences and Humanities\"},\"image\":{\"@id\":\"https:\\\/\\\/passhlondyn.eu\\\/#\\\/schema\\\/logo\\\/image\\\/\"}},{\"@type\":\"Person\",\"@id\":\"https:\\\/\\\/passhlondyn.eu\\\/#\\\/schema\\\/person\\\/9a893a686e1ff19f2e854f99008c46ce\",\"name\":\"admin\",\"image\":{\"@type\":\"ImageObject\",\"inLanguage\":\"pl-PL\",\"@id\":\"https:\\\/\\\/secure.gravatar.com\\\/avatar\\\/2f87adb734ad8b25d9299200314152acd553e17a903a7124ac1b83d96dada7ef?s=96&d=mm&r=g\",\"url\":\"https:\\\/\\\/secure.gravatar.com\\\/avatar\\\/2f87adb734ad8b25d9299200314152acd553e17a903a7124ac1b83d96dada7ef?s=96&d=mm&r=g\",\"contentUrl\":\"https:\\\/\\\/secure.gravatar.com\\\/avatar\\\/2f87adb734ad8b25d9299200314152acd553e17a903a7124ac1b83d96dada7ef?s=96&d=mm&r=g\",\"caption\":\"admin\"},\"url\":\"https:\\\/\\\/passhlondyn.eu\\\/?author=1\"}]}<\/script>\n<!-- \/ Yoast SEO plugin. -->","yoast_head_json":{"title":"Zesp\u00f3\u0142 LOMBARD Ambasadorem II Mi\u0119dzynarodowego Dnia Edukacji Polonijnej - Polish Academy of Social Sciences and Humanities","robots":{"index":"index","follow":"follow","max-snippet":"max-snippet:-1","max-image-preview":"max-image-preview:large","max-video-preview":"max-video-preview:-1"},"canonical":"https:\/\/passhlondyn.eu\/?p=2663","og_locale":"pl_PL","og_type":"article","og_title":"Zesp\u00f3\u0142 LOMBARD Ambasadorem II Mi\u0119dzynarodowego Dnia Edukacji Polonijnej - Polish Academy of Social Sciences and Humanities","og_description":"Zesp\u00f3\u0142 LOMBARD powsta\u0142 w 1981 roku w Poznaniu, w 2021 obchodzi 40 rocznic\u0119 powstania. LIDEREM ZESPO\u0141U LOMBARD JEST GRZEGORZ STR\u00d3\u017bNIAK \u2013 kompozytor, aran\u017cer, wokalista graj\u0105cy na instrumentach klawiszowych. To On ...","og_url":"https:\/\/passhlondyn.eu\/?p=2663","og_site_name":"Polish Academy of Social Sciences and Humanities","article_published_time":"2021-01-12T00:33:43+00:00","article_modified_time":"2025-07-21T15:46:03+00:00","og_image":[{"width":1780,"height":1709,"url":"https:\/\/passhlondyn.eu\/wp-content\/uploads\/2021\/01\/Marta-Cugier-Grzegorz-Strozniak.jpg","type":"image\/jpeg"}],"author":"admin","twitter_card":"summary_large_image","twitter_misc":{"Napisane przez":"admin","Szacowany czas czytania":"2 minuty"},"schema":{"@context":"https:\/\/schema.org","@graph":[{"@type":"Article","@id":"https:\/\/passhlondyn.eu\/?p=2663#article","isPartOf":{"@id":"https:\/\/passhlondyn.eu\/?p=2663"},"author":{"name":"admin","@id":"https:\/\/passhlondyn.eu\/#\/schema\/person\/9a893a686e1ff19f2e854f99008c46ce"},"headline":"Zesp\u00f3\u0142 LOMBARD Ambasadorem II Mi\u0119dzynarodowego Dnia Edukacji Polonijnej","datePublished":"2021-01-12T00:33:43+00:00","dateModified":"2025-07-21T15:46:03+00:00","mainEntityOfPage":{"@id":"https:\/\/passhlondyn.eu\/?p=2663"},"wordCount":492,"publisher":{"@id":"https:\/\/passhlondyn.eu\/#organization"},"image":{"@id":"https:\/\/passhlondyn.eu\/?p=2663#primaryimage"},"thumbnailUrl":"https:\/\/passhlondyn.eu\/wp-content\/uploads\/2021\/01\/Marta-Cugier-Grzegorz-Strozniak.jpg","inLanguage":"pl-PL"},{"@type":"WebPage","@id":"https:\/\/passhlondyn.eu\/?p=2663","url":"https:\/\/passhlondyn.eu\/?p=2663","name":"Zesp\u00f3\u0142 LOMBARD Ambasadorem II Mi\u0119dzynarodowego Dnia Edukacji Polonijnej - Polish Academy of Social Sciences and Humanities","isPartOf":{"@id":"https:\/\/passhlondyn.eu\/#website"},"primaryImageOfPage":{"@id":"https:\/\/passhlondyn.eu\/?p=2663#primaryimage"},"image":{"@id":"https:\/\/passhlondyn.eu\/?p=2663#primaryimage"},"thumbnailUrl":"https:\/\/passhlondyn.eu\/wp-content\/uploads\/2021\/01\/Marta-Cugier-Grzegorz-Strozniak.jpg","datePublished":"2021-01-12T00:33:43+00:00","dateModified":"2025-07-21T15:46:03+00:00","breadcrumb":{"@id":"https:\/\/passhlondyn.eu\/?p=2663#breadcrumb"},"inLanguage":"pl-PL","potentialAction":[{"@type":"ReadAction","target":["https:\/\/passhlondyn.eu\/?p=2663"]}]},{"@type":"ImageObject","inLanguage":"pl-PL","@id":"https:\/\/passhlondyn.eu\/?p=2663#primaryimage","url":"https:\/\/passhlondyn.eu\/wp-content\/uploads\/2021\/01\/Marta-Cugier-Grzegorz-Strozniak.jpg","contentUrl":"https:\/\/passhlondyn.eu\/wp-content\/uploads\/2021\/01\/Marta-Cugier-Grzegorz-Strozniak.jpg","width":1780,"height":1709},{"@type":"BreadcrumbList","@id":"https:\/\/passhlondyn.eu\/?p=2663#breadcrumb","itemListElement":[{"@type":"ListItem","position":1,"name":"Home","item":"https:\/\/passhlondyn.eu\/"},{"@type":"ListItem","position":2,"name":"Zesp\u00f3\u0142 LOMBARD Ambasadorem II Mi\u0119dzynarodowego Dnia Edukacji Polonijnej"}]},{"@type":"WebSite","@id":"https:\/\/passhlondyn.eu\/#website","url":"https:\/\/passhlondyn.eu\/","name":"Polish Academy of Social Sciences and Humanities","description":"","publisher":{"@id":"https:\/\/passhlondyn.eu\/#organization"},"potentialAction":[{"@type":"SearchAction","target":{"@type":"EntryPoint","urlTemplate":"https:\/\/passhlondyn.eu\/?s={search_term_string}"},"query-input":{"@type":"PropertyValueSpecification","valueRequired":true,"valueName":"search_term_string"}}],"inLanguage":"pl-PL"},{"@type":"Organization","@id":"https:\/\/passhlondyn.eu\/#organization","name":"Polish Academy of Social Sciences and Humanities","url":"https:\/\/passhlondyn.eu\/","logo":{"@type":"ImageObject","inLanguage":"pl-PL","@id":"https:\/\/passhlondyn.eu\/#\/schema\/logo\/image\/","url":"https:\/\/passhlondyn.eu\/wp-content\/uploads\/2021\/10\/cropped-Projekt-bez-tytulu-8.png","contentUrl":"https:\/\/passhlondyn.eu\/wp-content\/uploads\/2021\/10\/cropped-Projekt-bez-tytulu-8.png","width":6911,"height":1557,"caption":"Polish Academy of Social Sciences and Humanities"},"image":{"@id":"https:\/\/passhlondyn.eu\/#\/schema\/logo\/image\/"}},{"@type":"Person","@id":"https:\/\/passhlondyn.eu\/#\/schema\/person\/9a893a686e1ff19f2e854f99008c46ce","name":"admin","image":{"@type":"ImageObject","inLanguage":"pl-PL","@id":"https:\/\/secure.gravatar.com\/avatar\/2f87adb734ad8b25d9299200314152acd553e17a903a7124ac1b83d96dada7ef?s=96&d=mm&r=g","url":"https:\/\/secure.gravatar.com\/avatar\/2f87adb734ad8b25d9299200314152acd553e17a903a7124ac1b83d96dada7ef?s=96&d=mm&r=g","contentUrl":"https:\/\/secure.gravatar.com\/avatar\/2f87adb734ad8b25d9299200314152acd553e17a903a7124ac1b83d96dada7ef?s=96&d=mm&r=g","caption":"admin"},"url":"https:\/\/passhlondyn.eu\/?author=1"}]}},"_links":{"self":[{"href":"https:\/\/passhlondyn.eu\/index.php?rest_route=\/wp\/v2\/posts\/2663","targetHints":{"allow":["GET"]}}],"collection":[{"href":"https:\/\/passhlondyn.eu\/index.php?rest_route=\/wp\/v2\/posts"}],"about":[{"href":"https:\/\/passhlondyn.eu\/index.php?rest_route=\/wp\/v2\/types\/post"}],"author":[{"embeddable":true,"href":"https:\/\/passhlondyn.eu\/index.php?rest_route=\/wp\/v2\/users\/1"}],"replies":[{"embeddable":true,"href":"https:\/\/passhlondyn.eu\/index.php?rest_route=%2Fwp%2Fv2%2Fcomments&post=2663"}],"version-history":[{"count":11,"href":"https:\/\/passhlondyn.eu\/index.php?rest_route=\/wp\/v2\/posts\/2663\/revisions"}],"predecessor-version":[{"id":2674,"href":"https:\/\/passhlondyn.eu\/index.php?rest_route=\/wp\/v2\/posts\/2663\/revisions\/2674"}],"wp:featuredmedia":[{"embeddable":true,"href":"https:\/\/passhlondyn.eu\/index.php?rest_route=\/wp\/v2\/media\/2592"}],"wp:attachment":[{"href":"https:\/\/passhlondyn.eu\/index.php?rest_route=%2Fwp%2Fv2%2Fmedia&parent=2663"}],"wp:term":[{"taxonomy":"category","embeddable":true,"href":"https:\/\/passhlondyn.eu\/index.php?rest_route=%2Fwp%2Fv2%2Fcategories&post=2663"},{"taxonomy":"post_tag","embeddable":true,"href":"https:\/\/passhlondyn.eu\/index.php?rest_route=%2Fwp%2Fv2%2Ftags&post=2663"}],"curies":[{"name":"wp","href":"https:\/\/api.w.org\/{rel}","templated":true}]}}